{"id":74,"date":"2021-10-04T07:03:03","date_gmt":"2021-10-04T07:03:03","guid":{"rendered":"http:\/\/gimnazija.skolabd.edu.ba\/?p=74"},"modified":"2023-01-21T12:35:12","modified_gmt":"2023-01-21T12:35:12","slug":"ljetna-skola-o-kompetencijama-za-demokratsku-kulturu-seminar","status":"publish","type":"post","link":"https:\/\/gimnazija.skolabd.edu.ba\/index.php\/2021\/10\/04\/ljetna-skola-o-kompetencijama-za-demokratsku-kulturu-seminar\/","title":{"rendered":"Ljetna \u0161kola o kompetencijama za demokratsku kulturu &#8211; seminar"},"content":{"rendered":"\r\n<p>U skolpu Ljetne \u0161kole o kompetencijama za demokratsku kulturu od 25. 8. 2021. do 27. 8. 2021. odr\u017ean je seminar o Ljudskim vrijednostima u hotelu Termag na Jahorini. <\/p>\r\n\r\n\r\n\r\n<p>Na\u0161u \u0161kolu su predstavljali u\u010denici: Nikola Vukovi\u0107 II. 2, Stefan Bakovi\u0107 II. 4, Ana Ivanek II.5 te Nejra Junuzovi\u0107 II.6, a u pratnji grupe su bile profesorica Amela Rizvanovi\u0107 i profesorica Gordana Dragi\u0107 kao koordinator grupe.<\/p>\r\n\r\n\r\n\r\n<p>Tekst pi\u0161e: Ana Ivanek, III. 5<\/p>\r\n\r\n\r\n\r\n<figure class=\"wp-block-gallery columns-3 is-cropped wp-block-gallery-1 is-layout-flex wp-block-gallery-is-layout-flex\"><ul class=\"blocks-gallery-grid\"><li class=\"blocks-gallery-item\"><figure><img decoding=\"async\" src=\"https:\/\/gimnazija.skolabd.edu.ba\/wp-content\/uploads\/2021\/12\/1-11.jpg\" alt=\"\" data-id=\"530\" data-full-url=\"https:\/\/gimnazija.skolabd.edu.ba\/wp-content\/uploads\/2021\/12\/1-11.jpg\" data-link=\"https:\/\/gimnazija.skolabd.edu.ba\/?attachment_id=530\" class=\"wp-image-530\"\/><\/figure><\/li><li class=\"blocks-gallery-item\"><figure><img decoding=\"async\" src=\"https:\/\/gimnazija.skolabd.edu.ba\/wp-content\/uploads\/2021\/12\/2-11.jpg\" alt=\"\" data-id=\"531\" data-full-url=\"https:\/\/gimnazija.skolabd.edu.ba\/wp-content\/uploads\/2021\/12\/2-11.jpg\" data-link=\"https:\/\/gimnazija.skolabd.edu.ba\/?attachment_id=531\" class=\"wp-image-531\"\/><\/figure><\/li><li class=\"blocks-gallery-item\"><figure><img decoding=\"async\" src=\"https:\/\/gimnazija.skolabd.edu.ba\/wp-content\/uploads\/2021\/12\/3-10.jpg\" alt=\"\" data-id=\"532\" data-full-url=\"https:\/\/gimnazija.skolabd.edu.ba\/wp-content\/uploads\/2021\/12\/3-10.jpg\" data-link=\"https:\/\/gimnazija.skolabd.edu.ba\/?attachment_id=532\" class=\"wp-image-532\"\/><\/figure><\/li><\/ul><\/figure>\r\n\r\n\r\n\r\n<p><\/p>\r\n","protected":false},"excerpt":{"rendered":"<p>U skolpu Ljetne \u0161kole o kompetencijama za demokratsku kulturu od 25. 8. 2021. do 27. 8. 2021. odr\u017ean je seminar o Ljudskim vrijednostima u hotelu Termag na Jahorini. Na\u0161u \u0161kolu su predstavljali u\u010denici: Nikola Vukovi\u0107 II. 2, Stefan Bakovi\u0107 II. 4, Ana Ivanek II.5 te Nejra Junuzovi\u0107 II.6, a u pratnji grupe su bile profesorica [&hellip;]<\/p>\n","protected":false},"author":1,"featured_media":0,"comment_status":"open","ping_status":"open","sticky":false,"template":"","format":"standard","meta":{"_regular_price":[],"currency_symbol":[],"footnotes":""},"categories":[1],"tags":[],"class_list":["post-74","post","type-post","status-publish","format-standard","hentry","category-uncategorized"],"post_slider_layout_featured_media_urls":{"thumbnail":"","post_slider_layout_landscape_large":"","post_slider_layout_portrait_large":"","post_slider_layout_square_large":"","post_slider_layout_landscape":"","post_slider_layout_portrait":"","post_slider_layout_square":"","full":""},"_links":{"self":[{"href":"https:\/\/gimnazija.skolabd.edu.ba\/index.php\/wp-json\/wp\/v2\/posts\/74","targetHints":{"allow":["GET"]}}],"collection":[{"href":"https:\/\/gimnazija.skolabd.edu.ba\/index.php\/wp-json\/wp\/v2\/posts"}],"about":[{"href":"https:\/\/gimnazija.skolabd.edu.ba\/index.php\/wp-json\/wp\/v2\/types\/post"}],"author":[{"embeddable":true,"href":"https:\/\/gimnazija.skolabd.edu.ba\/index.php\/wp-json\/wp\/v2\/users\/1"}],"replies":[{"embeddable":true,"href":"https:\/\/gimnazija.skolabd.edu.ba\/index.php\/wp-json\/wp\/v2\/comments?post=74"}],"version-history":[{"count":3,"href":"https:\/\/gimnazija.skolabd.edu.ba\/index.php\/wp-json\/wp\/v2\/posts\/74\/revisions"}],"predecessor-version":[{"id":824,"href":"https:\/\/gimnazija.skolabd.edu.ba\/index.php\/wp-json\/wp\/v2\/posts\/74\/revisions\/824"}],"wp:attachment":[{"href":"https:\/\/gimnazija.skolabd.edu.ba\/index.php\/wp-json\/wp\/v2\/media?parent=74"}],"wp:term":[{"taxonomy":"category","embeddable":true,"href":"https:\/\/gimnazija.skolabd.edu.ba\/index.php\/wp-json\/wp\/v2\/categories?post=74"},{"taxonomy":"post_tag","embeddable":true,"href":"https:\/\/gimnazija.skolabd.edu.ba\/index.php\/wp-json\/wp\/v2\/tags?post=74"}],"curies":[{"name":"wp","href":"https:\/\/api.w.org\/{rel}","templated":true}]}}