{"id":2150,"date":"2024-03-07T11:02:27","date_gmt":"2024-03-07T11:02:27","guid":{"rendered":"https:\/\/gimnazija.skolabd.edu.ba\/?p=2150"},"modified":"2024-03-07T11:02:27","modified_gmt":"2024-03-07T11:02:27","slug":"youth-leadership-program","status":"publish","type":"post","link":"https:\/\/gimnazija.skolabd.edu.ba\/index.php\/2024\/03\/07\/youth-leadership-program\/","title":{"rendered":"Youth Leadership Program"},"content":{"rendered":"\n<p>Ambasada SAD, u saradnji sa partnerskom organizacijom TerraArt, organizuje program razvoja vje\u0161tina liderstva za u\u010denike i profesore srednjih \u0161kola. Program je poznat pod nazivom \u201c<strong>Youth Leadership and Teacher Professional Development Program\u201d<\/strong>&nbsp;i do sada se realizovao u gradovima&nbsp;\u0161irom Bosne i Hercegovine.<\/p>\n\n\n\n<p>U ovoj godini program \u0107e se, uz odobrenje nadle\u017enih ministarstava u FBIH i preporuku Odjeljenja za obrazovanje Br\u010dko Distrikta, ponuditi srednjo\u0161kolcima i njihovim profesorima iz Livna, Zenice i Br\u010dkog.&nbsp;Mislimo da je va\u017eno da sada\u0161nje generacije srednjo\u0161kolca u ovim gradovima, kao i njihovi profesori, dobiju mogu\u0107nost u\u010de\u0161\u0107a u ovako presti\u017enom programu.<\/p>\n\n\n\n<p>Ukupno 21 u\u010desnik iz&nbsp;Livna, Zenice i Br\u010dkog \u0107e&nbsp;provesti \u010detiri sedmice u Sjedinjenim Ameri\u010dkim Dr\u017eavama, gdje \u0107e kroz razli\u010dite radionice i dobrovoljni rad u\u010diti o va\u017enosti rada u zajednici i vrijednostima multikulturalizma. U\u010desnici \u0107e po povratku raditi zajedno na projektima od va\u017enosti za svoj grad i sredinu u kojoj \u017eive i rade.<\/p>\n\n\n\n<p>Realizacija programa je planirana u jesen 2024. i to u septembru &#8211; petodnevna orijentacija prije odlaska u SAD; te je od&nbsp;<strong>petka,&nbsp;18&nbsp;oktobra 2024.&nbsp;do subote, 9&nbsp;novembra, 2024.<\/strong>&nbsp;planiran boravak u Sjedninjem Ameri\u010dkim Dr\u017eavama.&nbsp;Ovaj period je izabran da bi se bosanskohercegova\u010dki srednjo\u0161kolci bolje upoznali sa \u0161kolstvom u SAD, jer tamo\u0161nje \u0161kole tada po\u010dinju svoj jesenji semestar. Tokom prolje\u0107a 2025. godine u\u010desnici \u0107e realizovat projekte u svojim lokalnim zajednicama.<\/p>\n\n\n\n<p>Uspje\u0161ni kandidati moraju pokazati dobro znanje engleskog jezika, ali i imati izra\u017een interes za ciljeve programa, timski rad i primjenu ste\u010denih znanja na konkretne projekte. Mi smo pripremili detaljnije informacije o sadr\u017eaju programa, kao i prijave za u\u010de\u0161\u0107e. Zamoli\u0107emo vas da informacije podijelite sa u\u010denicima i profesorima svojih \u0161kola.<\/p>\n\n\n\n<p>U martu mjesecu \u0107emo Vam se javiti da dogovorimo posjetu Va\u0161oj \u0161koli kada \u0107emo obezbjediti sve dodatne informacije i odgovoriti na eventualna pitanja u\u010denika i profesora.<\/p>\n\n\n\n<div class=\"wp-block-file\"><a id=\"wp-block-file--media-2909ef66-ddeb-40c7-a56f-1f9fcb47bbb8\" href=\"https:\/\/gimnazija.skolabd.edu.ba\/wp-content\/uploads\/2024\/03\/2024-YLP-BiH-application-announcement.docx\">2024-YLP-BiH-application-announcement<\/a><a href=\"https:\/\/gimnazija.skolabd.edu.ba\/wp-content\/uploads\/2024\/03\/2024-YLP-BiH-application-announcement.docx\" class=\"wp-block-file__button wp-element-button\" download aria-describedby=\"wp-block-file--media-2909ef66-ddeb-40c7-a56f-1f9fcb47bbb8\">Preuzmi<\/a><\/div>\n\n\n\n<div class=\"wp-block-file\"><a id=\"wp-block-file--media-db40ba6d-2c31-4bfa-963e-5a6d690a16b0\" href=\"https:\/\/gimnazija.skolabd.edu.ba\/wp-content\/uploads\/2024\/03\/2024-YLP-BiH-Student-Application-October-November.doc\">2024-YLP-BiH-Student-Application-October-November<\/a><a href=\"https:\/\/gimnazija.skolabd.edu.ba\/wp-content\/uploads\/2024\/03\/2024-YLP-BiH-Student-Application-October-November.doc\" class=\"wp-block-file__button wp-element-button\" download aria-describedby=\"wp-block-file--media-db40ba6d-2c31-4bfa-963e-5a6d690a16b0\">Preuzmi<\/a><\/div>\n\n\n\n<div class=\"wp-block-file\"><a id=\"wp-block-file--media-f70d7796-a262-4aaf-8e06-7964efc0bebe\" href=\"https:\/\/gimnazija.skolabd.edu.ba\/wp-content\/uploads\/2024\/03\/2024-YLP-BiH-Teacher-Application-October-November.doc\">2024-YLP-BiH-Teacher-Application-October-November<\/a><a href=\"https:\/\/gimnazija.skolabd.edu.ba\/wp-content\/uploads\/2024\/03\/2024-YLP-BiH-Teacher-Application-October-November.doc\" class=\"wp-block-file__button wp-element-button\" download aria-describedby=\"wp-block-file--media-f70d7796-a262-4aaf-8e06-7964efc0bebe\">Preuzmi<\/a><\/div>\n","protected":false},"excerpt":{"rendered":"<p>Ambasada SAD, u saradnji sa partnerskom organizacijom TerraArt, organizuje program razvoja vje\u0161tina liderstva za u\u010denike i profesore srednjih \u0161kola. Program je poznat pod nazivom \u201cYouth Leadership and Teacher Professional Development Program\u201d&nbsp;i do sada se realizovao u gradovima&nbsp;\u0161irom Bosne i Hercegovine. U ovoj godini program \u0107e se, uz odobrenje nadle\u017enih ministarstava u FBIH i preporuku Odjeljenja [&hellip;]<\/p>\n","protected":false},"author":1,"featured_media":0,"comment_status":"closed","ping_status":"open","sticky":false,"template":"","format":"standard","meta":{"_regular_price":[],"currency_symbol":[],"footnotes":""},"categories":[1],"tags":[],"class_list":["post-2150","post","type-post","status-publish","format-standard","hentry","category-uncategorized"],"post_slider_layout_featured_media_urls":{"thumbnail":"","post_slider_layout_landscape_large":"","post_slider_layout_portrait_large":"","post_slider_layout_square_large":"","post_slider_layout_landscape":"","post_slider_layout_portrait":"","post_slider_layout_square":"","full":""},"_links":{"self":[{"href":"https:\/\/gimnazija.skolabd.edu.ba\/index.php\/wp-json\/wp\/v2\/posts\/2150","targetHints":{"allow":["GET"]}}],"collection":[{"href":"https:\/\/gimnazija.skolabd.edu.ba\/index.php\/wp-json\/wp\/v2\/posts"}],"about":[{"href":"https:\/\/gimnazija.skolabd.edu.ba\/index.php\/wp-json\/wp\/v2\/types\/post"}],"author":[{"embeddable":true,"href":"https:\/\/gimnazija.skolabd.edu.ba\/index.php\/wp-json\/wp\/v2\/users\/1"}],"replies":[{"embeddable":true,"href":"https:\/\/gimnazija.skolabd.edu.ba\/index.php\/wp-json\/wp\/v2\/comments?post=2150"}],"version-history":[{"count":1,"href":"https:\/\/gimnazija.skolabd.edu.ba\/index.php\/wp-json\/wp\/v2\/posts\/2150\/revisions"}],"predecessor-version":[{"id":2154,"href":"https:\/\/gimnazija.skolabd.edu.ba\/index.php\/wp-json\/wp\/v2\/posts\/2150\/revisions\/2154"}],"wp:attachment":[{"href":"https:\/\/gimnazija.skolabd.edu.ba\/index.php\/wp-json\/wp\/v2\/media?parent=2150"}],"wp:term":[{"taxonomy":"category","embeddable":true,"href":"https:\/\/gimnazija.skolabd.edu.ba\/index.php\/wp-json\/wp\/v2\/categories?post=2150"},{"taxonomy":"post_tag","embeddable":true,"href":"https:\/\/gimnazija.skolabd.edu.ba\/index.php\/wp-json\/wp\/v2\/tags?post=2150"}],"curies":[{"name":"wp","href":"https:\/\/api.w.org\/{rel}","templated":true}]}}